{"id":2905,"__str__":"Autoria: Carlos Fran\u00e7a - Mo\u00e7\u00e3o de Pesar n\u00ba 16 de 2019","link_detail_backend":"/materia/autoria/2905","metadata":{},"primeiro_autor":true,"autor":4,"materia":1904}