{"id":165,"__str__":"Requerimento n\u00ba 46 de 2017","link_detail_backend":"/materia/165","metadata":{},"numero":46,"ano":2017,"numero_protocolo":null,"data_apresentacao":"2017-12-18","tipo_apresentacao":"E","data_publicacao":"2017-12-20","numero_origem_externa":"46","ano_origem_externa":2017,"data_origem_externa":"2017-12-18","apelido":"","dias_prazo":null,"data_fim_prazo":null,"em_tramitacao":false,"polemica":null,"objeto":"","complementar":null,"ementa":"\u00c2NGELA MARIA SCHULTZ LEPPAUS, LUIZ CARLOS BROEDEL FRAN\u00c7A, LUZINETE DEGASPERI LEPPAUS, MARCOS ADRIANO RAUTA, NELSON LICHTENHELD, ROBSON JOSE SILLER, ROMI CARLOS FACCO MULLER, SERGIO ANGELI LAGO e VALDEMIRO BARTH, na condi\u00e7\u00e3o de Vereadores da C\u00e2mara Municipal de Santa Leopoldina/ES, com base no artigo 168, do Regimento Interno desta Casa de Leis, vem \u00e0 presen\u00e7a de Vossa Excel\u00eancia REQUERER a expedi\u00e7\u00e3o de Of\u00edcio a Diretora Geral da Via\u00e7\u00e3o L\u00edrio dos Vales, Exma. Sra. Sandra Damiane, solicitando \u00e0quela empresa, que em dias chuvosos na regi\u00e3o Santa Leopoldina/Santa Teresa, rodovia ES 080, quando houver dificuldade do \u00f4nibus fazer o percurso entre as duas cidades, que substitua os \u00f4nibus de grande porte (foto anexa) por micro \u00f4nibus (foto anexa), de prefer\u00eancia com tra\u00e7\u00e3o nas quatro rodas, a fim de n\u00e3o interromper o servi\u00e7o de transporte aos moradores daquela regi\u00e3o.","indexacao":"","observacao":"","resultado":"","texto_original":"http://sapl.santaleopoldina.es.leg.br/media/sapl/public/materialegislativa/2017/165/req462017.pdf","data_ultima_atualizacao":"2025-06-02T15:23:04.789625-03:00","ip":"","ultima_edicao":null,"tipo":5,"regime_tramitacao":11,"tipo_origem_externa":5,"local_origem_externa":3,"user":null,"anexadas":[],"autores":[8,4,3,2,9,1,5,6,7]}