{"id":1904,"__str__":"Mo\u00e7\u00e3o de Pesar n\u00ba 16 de 2019","link_detail_backend":"/materia/1904","metadata":{},"numero":16,"ano":2019,"numero_protocolo":null,"data_apresentacao":"2019-09-04","tipo_apresentacao":"E","data_publicacao":null,"numero_origem_externa":"16","ano_origem_externa":2019,"data_origem_externa":"2019-09-04","apelido":"","dias_prazo":null,"data_fim_prazo":null,"em_tramitacao":false,"polemica":null,"objeto":"","complementar":null,"ementa":"Os Vereadores abaixo assinado, LUIZ CARLOS BROEDEL FRAN\u00c7A (PMN), ROMI CARLOS FACCO MULLER (PP), com assento nesta Colenda Casa de Leis, v\u00eam de conformidade com as normas regimentais e as disposi\u00e7\u00f5es da Lei Org\u00e2nica Municipal, apresentar MO\u00c7\u00c3O DE PESAR, a enlutada fam\u00edlia, pelo falecimento do Sr. PEDRO PEREIRA, ocorrido no dia 02 de setembro de 2019.","indexacao":"","observacao":"","resultado":"","texto_original":"http://sapl.santaleopoldina.es.leg.br/media/sapl/public/materialegislativa/2019/1904/016_-_2019.pdf","data_ultima_atualizacao":"2019-11-18T13:21:16.037315-03:00","ip":"177.71.44.156","ultima_edicao":null,"tipo":10,"regime_tramitacao":11,"tipo_origem_externa":10,"local_origem_externa":4,"user":1,"anexadas":[],"autores":[4,5]}