{"id":253,"__str__":"Requerimento n\u00ba 16 de 2018","link_detail_backend":"/materia/253","metadata":{},"numero":16,"ano":2018,"numero_protocolo":null,"data_apresentacao":"2018-04-26","tipo_apresentacao":"E","data_publicacao":"2018-05-02","numero_origem_externa":"16","ano_origem_externa":2018,"data_origem_externa":"2018-04-26","apelido":"","dias_prazo":null,"data_fim_prazo":null,"em_tramitacao":false,"polemica":null,"objeto":"","complementar":null,"ementa":"\u00c2NGELA MARIA SCHULTZ LEPPAUS, LUIZ CARLOS BROEDEL FRAN\u00c7A, LUZINETE DEGASPERI LEPPAUS, MARCOS ADRIANO RAUTA, NELSON LICHTENHELD, ROBSON JOSE SILLER, ROMI CARLOS FACCO MULLER, SERGIO ANGELI LAGO e VALDEMIRO BARTH, com base no artigo 16, inciso X, da Lei Org\u00e2nica do Munic\u00edpio de Santa Leopoldina, v\u00eam \u00e0 presen\u00e7a de Vossa Excel\u00eancia REQUERER, seja convocado a Coordenadora de Transportes, Sr\u00aa. N\u00e1dia Rosa Nunes de Almeida Suave, para comparecer no Plen\u00e1rio desta C\u00e2mara Municipal, na sess\u00e3o ordin\u00e1ria do dia 16 de maio de 2018, \u00e0s 17h00min, a fim de prestar esclarecimentos acerca dos seguintes assuntos: \r\n\r\n\u2022\tA\u00e7\u00f5es promovidas pela coordenadoria na atual administra\u00e7\u00e3o, a partir de janeiro de 2017, bem como metas para pr\u00f3ximos tr\u00eas anos, e outros assuntos correlatos.\r\n\u2022\tContratos administrativos relacionados a coordenadoria (Execu\u00e7\u00e3o e Fiscaliza\u00e7\u00e3o).","indexacao":"","observacao":"","resultado":"","texto_original":"http://sapl.santaleopoldina.es.leg.br/media/sapl/public/materialegislativa/2018/253/requerimento_16.pdf","data_ultima_atualizacao":"2018-05-21T08:41:58.320614-03:00","ip":"","ultima_edicao":null,"tipo":5,"regime_tramitacao":11,"tipo_origem_externa":5,"local_origem_externa":3,"user":null,"anexadas":[],"autores":[8,4,3,2,9,1,5,6,7]}