{"id":263,"__str__":"Requerimento n\u00ba 28 de 2018","link_detail_backend":"/materia/263","metadata":{},"numero":28,"ano":2018,"numero_protocolo":null,"data_apresentacao":"2018-05-08","tipo_apresentacao":"E","data_publicacao":"2018-05-09","numero_origem_externa":"28","ano_origem_externa":2018,"data_origem_externa":null,"apelido":"","dias_prazo":null,"data_fim_prazo":null,"em_tramitacao":false,"polemica":null,"objeto":"","complementar":null,"ementa":"\u00c2NGELA MARIA SCHULTZ LEPPAUS, LUIZ CARLOS BROEDEL FRAN\u00c7A, LUZINETE DEGASPERI LEPPAUS, MARCOS ADRIANO RAUTA, NELSON LICHTENHELD, ROBSON JOS\u00c9 SILLER, ROMI CARLOS FACCO MULLER, SERGIO ANGELI LAGO e VALDEMIRO BARTH, na condi\u00e7\u00e3o de Vereadores da C\u00e2mara Municipal de Santa Leopoldina/ES, v\u00eam requerer seja encaminhado of\u00edcio ao Chefe do Poder Executivo solicita\u00e7\u00e3o no sentido de aplicar o artigo 37, inciso X, da Constitui\u00e7\u00e3o Federal, a fim de conceder  aos servidores p\u00fablicos municipais a reposi\u00e7\u00e3o das perdas de seus vencimentos em face dos \u00edndices de infla\u00e7\u00e3o acumulados desde a \u00faltima adequa\u00e7\u00e3o.","indexacao":"","observacao":"","resultado":"","texto_original":"http://sapl.santaleopoldina.es.leg.br/media/sapl/public/materialegislativa/2018/263/requerimento_28-2018.pdf","data_ultima_atualizacao":"2018-05-21T08:40:20.586511-03:00","ip":"","ultima_edicao":null,"tipo":5,"regime_tramitacao":11,"tipo_origem_externa":5,"local_origem_externa":3,"user":null,"anexadas":[],"autores":[8,4,3,2,9,1,5,6,7]}