{"id":3351,"__str__":"Mo\u00e7\u00e3o de Pesar n\u00ba 9 de 2025","link_detail_backend":"/materia/3351","metadata":{},"numero":9,"ano":2025,"numero_protocolo":null,"data_apresentacao":"2025-04-23","tipo_apresentacao":"","data_publicacao":null,"numero_origem_externa":"","ano_origem_externa":null,"data_origem_externa":null,"apelido":"","dias_prazo":null,"data_fim_prazo":null,"em_tramitacao":false,"polemica":false,"objeto":"","complementar":false,"ementa":"MO\u00c7\u00c3O DE PESAR, a enlutada fam\u00edlia, pelo falecimento do Sr. EMETERIO TEIXEIRA ALMEIDA, ocorrido no dia 29 de mar\u00e7o de 2025.","indexacao":"","observacao":"","resultado":"","texto_original":"http://sapl.santaleopoldina.es.leg.br/media/sapl/public/materialegislativa/2025/3351/mocao_de_pesar_009-2025.pdf","data_ultima_atualizacao":"2025-05-20T12:57:53.446004-03:00","ip":"191.242.217.170","ultima_edicao":"2025-04-30T09:19:09.504969-03:00","tipo":10,"regime_tramitacao":11,"tipo_origem_externa":null,"local_origem_externa":null,"user":26,"anexadas":[],"autores":[]}