{"id":12,"__str__":"Ordem: Ordem do Dia/Expediente: 11 - Indica\u00e7\u00e3o n\u00ba 143 de 2025 em 2271\u00aa Ordin\u00e1ria da 1\u00aa Sess\u00e3o Legislativa da 29\u00aa Legislatura - Requerente: Vanisio Walcher Helmer - Mat\u00e9ria: Indica\u00e7\u00e3o n\u00ba 143 de 2025","link_detail_backend":"/sessao/retiradapauta/12","metadata":{},"data":"2025-10-13","observacao":"","materia":3527,"sessao_plenaria":441,"ordem":2683,"expediente":null,"parlamentar":35,"tipo_de_retirada":3}